{"id":11670,"date":"2026-08-30T17:18:09","date_gmt":"2026-08-30T15:18:09","guid":{"rendered":"https:\/\/cusens.md\/?p=11670"},"modified":"2026-08-30T17:36:17","modified_gmt":"2026-08-30T15:36:17","slug":"deputatii-certati-cu-legea-2","status":"publish","type":"post","link":"https:\/\/cusens.md\/ro\/investigatii\/deputatii-certati-cu-legea-2\/","title":{"rendered":"Deputa\u021bii certa\u021bi cu legea"},"content":{"rendered":"<div id=\"fb-root\"><\/div>\n<!-- VideographyWP Plugin Message: Automatic video embedding prevented by plugin options. -->\n\n<p><strong>Corupere pasiv\u0103, finan\u021bare ilegal\u0103 a partidului, \u00eembog\u0103\u021bire ilicit\u0103 sau tr\u0103dare de patrie. Acestea sunt doar c\u00e2teva dintre \u00eenvinuirile aduse unor deputa\u021bi din actualul Parlament de la Chi\u0219in\u0103u. Dac\u0103 unii ale\u0219i ai poporului sunt ancheta\u021bi penal \u00eentr-un singur dosar, al\u021bii &#8211; \u00een mai multe. Pentru c\u0103 dosarele se afl\u0103 \u00eenc\u0103 la etapa de urm\u0103rire penal\u0103 sau sunt pe rol \u00een instan\u021ba de judecat\u0103, ace\u0219tia se prezum\u0103 a fi nevinova\u021bi. Prin urmare, au putut candida nestingheri\u021bi pentru un loc \u00een Legislativ. Cine sunt ale\u0219ii poporului certa\u021bi cu legea, afla\u021bi \u00een video.<\/strong><\/p>\n\n\n<div class=\"wp-block-image\">\n<figure class=\"aligncenter size-large\"><img decoding=\"async\" width=\"1024\" height=\"576\" src=\"https:\/\/cusens.md\/wp-content\/uploads\/2026\/08\/cusens-2026-08-30-17h22m57s002-1024x576.png\" alt=\"Deputa\u021bii certa\u021bi cu legea\" class=\"wp-image-11673\" srcset=\"https:\/\/cusens.md\/wp-content\/uploads\/2026\/08\/cusens-2026-08-30-17h22m57s002-1024x576.png 1024w, https:\/\/cusens.md\/wp-content\/uploads\/2026\/08\/cusens-2026-08-30-17h22m57s002-300x169.png 300w, https:\/\/cusens.md\/wp-content\/uploads\/2026\/08\/cusens-2026-08-30-17h22m57s002-768x432.png 768w, https:\/\/cusens.md\/wp-content\/uploads\/2026\/08\/cusens-2026-08-30-17h22m57s002-1536x864.png 1536w, https:\/\/cusens.md\/wp-content\/uploads\/2026\/08\/cusens-2026-08-30-17h22m57s002.png 1600w\" sizes=\"(max-width: 1024px) 100vw, 1024px\" \/><\/figure>\n<\/div>\n\n\n<p>Imaginile \u00een care fostul lider al Partidului Democrat din Moldova, oligarhul Vladimir Plahotniuc, \u00eei \u00eentinde o saco\u0219\u0103 neagr\u0103 lui Igor Dodon, pe atunci pre\u0219edinte al Republicii Moldova, au fost filmate cu o camer\u0103 ascuns\u0103 \u00een timpul unei \u00eent\u00e2lniri care ar fi avut loc \u00een vara lui 2019 la sediul PDM. La alegerile preziden\u021biale din 2020, Dodon pierde \u00een fa\u021ba candidatei Partidului Ac\u021biune \u0219i Solidaritate, Maia Sandu, \u0219i revine la \u0219efia Partidului Sociali\u0219tilor din Republica Moldova. \u00cen mai 2022, c\u00e2nd nu mai de\u021binea nicio func\u021bie public\u0103, procurorii Anticorup\u021bie, \u00eempreun\u0103 cu ofi\u021berii Centrului Na\u021bional Anticorup\u021bie \u0219i ai Serviciului de Informa\u021bii \u0219i Securitate au descins cu perchezi\u021bii la domiciliul lui Igor Dodon, liderul sociali\u0219tilor, fiind re\u021binut pentru 72 de ore.<\/p>\n\n\n\n<blockquote class=\"wp-block-quote is-layout-flow wp-block-quote-is-layout-flow\">\n<p><strong>ELENA CAZACOV, procuror\u0103 Anticorup\u021bie:<\/strong><em> \u00cen cadrul anchetei sunt cercetate fapte cu privire la \u00eembog\u0103\u021bire ilicit\u0103, tr\u0103dare de patrie, corupere pasiv\u0103 \u0219i fina\u021barea ilegal\u0103 a partidului care a avut loc \u00een perioada anului 2014 p\u00e2n\u0103 \u00een prezent, inclusiv evenimente care au fost vizate \u00een imaginile video date publicit\u0103\u021bii \u00een sursele mass-media \u0219i re\u021belele de socializare.&nbsp;<\/em><\/p>\n<\/blockquote>\n\n\n\n<p>Peste patru luni \u0219i jum\u0103tate, pe 6 octombrie 2022, Procuratura Anticorup\u021bie a anun\u021bat c\u0103 a trimis \u00een instan\u021b\u0103 dosarul numit generic \u201eKuliok\u201d, \u00een care Igor Dodon este \u00eenvinuit de corupere pasiv\u0103, dar \u0219i organizarea \u0219i acceptarea finan\u021b\u0103rii PSRM din partea unei organiza\u021bii criminale. Mai exact, lui Igor Dodon i se incrimineaz\u0103 c\u0103 a acceptat de la Vladimir Plahotniuc \u0219i consilierul acestuia, Serghei Iaralov, \u00eentre 600 de mii \u0219i un milion de dolari. \u00cen schimbul banilor, Dodon urma s\u0103 le promoveze interesele \u0219i s\u0103-i ajute s\u0103 se eschiveze de la r\u0103spundere penal\u0103 \u00een Federa\u021bia Rus\u0103.<\/p>\n\n\n\n<blockquote class=\"wp-block-quote is-layout-flow wp-block-quote-is-layout-flow\">\n<p><strong>PETRU IARMALIUC, procuror al municipiului Chi\u0219in\u0103u:<\/strong> <em>Dodon este \u00eenvinuit de corupere pasiv\u0103, c\u0103 a pretins \u0219i a acceptat, iar Plahotniuc este \u00eenvinuit de corupere activ\u0103 \u00eempreun\u0103 cu Iaralov &#8211; c\u0103 au promis \u0219i au oferit.&nbsp;<\/em><\/p>\n<\/blockquote>\n\n\n\n<blockquote class=\"wp-block-quote is-layout-flow wp-block-quote-is-layout-flow\">\n<p><strong>Reporter:<\/strong> <em>Ce era \u00een acea pung\u0103 neagr\u0103?<\/em><\/p>\n\n\n\n<p><strong>IGOR DODON, deputat PSRM, inculpat \u00een dosarul \u201eKuliok\u201d: <\/strong><em>O s\u0103-l \u00eentreba\u021bi pe domnul Plahotniuc pentru c\u0103 el a \u00eencercat s\u0103 o transmit\u0103 \u0219i eu nu am pus m\u00e2na pe ea.<\/em><\/p>\n<\/blockquote>\n\n\n\n<p>Preciz\u0103m c\u0103 dosarul denumit generic \u201eKuliok\u201d se examineaz\u0103, \u00een fond, la Curtea Suprem\u0103 de Justi\u021bie, singura instan\u021b\u0103 competent\u0103 s\u0103 examineze cauzele penale pornite pe numele unui fost \u0219ef de stat. Asta, dup\u0103 ce a fost disjuns dintr-un dosar mai mare privind finan\u021barea ilegal\u0103 a PSRM care, ulterior, a fost conexat la dosarul, numit generic \u201eBahamas\u201d, deschis \u00een 2016.&nbsp; Vorbim, \u00een cazul dat, de o schem\u0103 prin care bani din offshore au ajuns pe conturile PSRM cu doar c\u00e2teva luni \u00eenainte de alegerile preziden\u021biale din 2016, \u00een urma c\u0103rora Igor Dodon a fost ales pre\u0219edinte al \u021b\u0103rii, av\u00e2nd sus\u021binerea sociali\u0219tilor.<\/p>\n\n\n\n<blockquote class=\"wp-block-quote is-layout-flow wp-block-quote-is-layout-flow\">\n<p><strong>IGOR DODON, deputat PSRM:<\/strong> <em>Sunt dou\u0103 elemente de baz\u0103 care sunt evidente pentru to\u021bi: nu sunt probe. Niciunul dintre cei care apar \u00een a\u0219a-numitele videouri nu au dat depozi\u021bii \u00eempotriva mea. Nu s-au prezentat \u00een judecat\u0103. Video-urile care au fost publicate nu sunt originale \u0219i, conform legisla\u021biei, nu pot fi probe \u00een instan\u021b\u0103, deoarece nu poate fi confirmat\u0103 veracitatea lor. \u0218i a doua parte important\u0103 legat\u0103 de acest dosar este competen\u021ba. Curtea Suprem\u0103 de Justi\u021bie nu are competen\u021b\u0103, doar cu excep\u021bie cazual\u0103, c\u00e2nd judec\u0103 pre\u0219edinte \u00een func\u021bie cu scoaterea imunit\u0103\u021bii \u00een Parlament. Deci, se \u00eencalc\u0103 procedura \u0219i, evident c\u0103, acest dosar la o anumit\u0103 etap\u0103 va fi declarat anticonstitu\u021bional.&nbsp;<\/em><\/p>\n<\/blockquote>\n\n\n\n<p>Igor Dodon mai este vizat \u0219i \u00eentr-o alt\u0103 cauz\u0103 penal\u0103, numit\u0103 generic \u201eEnergocom\u201d, care se examineaz\u0103 la Judec\u0103toria Chi\u0219in\u0103u, sediul Buiucani. Dodon este \u00eenvinuit c\u0103, \u00een perioada 2008-2009, c\u00e2nd de\u021binea func\u021bia de ministru al Economiei \u0219i Comer\u021bului, \u00een perioada guvern\u0103rii comuniste, a semnat un aviz care ar fi favorizat \u00eencheierea unui contract \u00eentre Energocom SA \u0219i o companie din Ungaria, care a dus la majorarea tarifelor la energia electric\u0103. De asemenea, \u00een urma acestui contract, statul ar fi fost prejudiciat cu aproape 12 milioane de dolari, bani care au fost transfera\u021bi, ulterior, pe conturile unor companii offshore. <\/p>\n\n\n<div class=\"wp-block-image\">\n<figure class=\"aligncenter size-large\"><img decoding=\"async\" width=\"1024\" height=\"576\" src=\"https:\/\/cusens.md\/wp-content\/uploads\/2026\/08\/cusens-2026-08-30-17h29m00s846-1024x576.png\" alt=\"Deputa\u021bii certa\u021bi cu legea\" class=\"wp-image-11679\" srcset=\"https:\/\/cusens.md\/wp-content\/uploads\/2026\/08\/cusens-2026-08-30-17h29m00s846-1024x576.png 1024w, https:\/\/cusens.md\/wp-content\/uploads\/2026\/08\/cusens-2026-08-30-17h29m00s846-300x169.png 300w, https:\/\/cusens.md\/wp-content\/uploads\/2026\/08\/cusens-2026-08-30-17h29m00s846-768x432.png 768w, https:\/\/cusens.md\/wp-content\/uploads\/2026\/08\/cusens-2026-08-30-17h29m00s846-1536x864.png 1536w, https:\/\/cusens.md\/wp-content\/uploads\/2026\/08\/cusens-2026-08-30-17h29m00s846.png 1600w\" sizes=\"(max-width: 1024px) 100vw, 1024px\" \/><\/figure>\n<\/div>\n\n\n<p>La acest dosar a fost conexat\u0103 o alt\u0103 cauz\u0103 penal\u0103 deschis\u0103 \u00een privin\u021ba fostului pre\u0219edinte al Republicii Moldova, a so\u021biei acestuia, Galina Dodon, dar \u0219i a unui medic. Ace\u0219tia sunt acuza\u021bi c\u0103, de comun acord, ar fi confec\u021bionat, de\u021binut \u0219i folosit un certificat medical fals, cu scopul de a-l prezenta instan\u021bei de judecat\u0103 \u0219i Procuraturii, pentru a ob\u021bine permisiunea de a p\u0103r\u0103si teritoriul Republicii Moldova.&nbsp;<\/p>\n\n\n\n<blockquote class=\"wp-block-quote is-layout-flow wp-block-quote-is-layout-flow\">\n<p><strong>IGOR DODON, deputat PSRM: <\/strong><em>Eu cred c\u0103 acesta este pozorul justi\u021biei \u00een Republica Moldova, a\u0219a numitul dosar <\/em><em>\u201e<\/em><em>Spravca\u201d, care nu a fost utilizat, nu s-a profitat nimic de el. Un certificat medical care a fost perfect legal, \u00een opinie medicilor, pentru copilul meu, iar noi nu am beneficiat de acest certificat p\u00e2n\u0103 la urm\u0103. Noi am avut posibilitatea s\u0103 plec\u0103m din \u021bar\u0103 \u00een baza certificatului \u0219i nu am plecat.&nbsp;<\/em><\/p>\n<\/blockquote>\n\n\n\n<blockquote class=\"wp-block-quote is-layout-flow wp-block-quote-is-layout-flow\">\n<p><strong>Reporter:<\/strong> <em>\u0218i, \u00een general, cum califica\u021bi faptul c\u0103 sunte\u021bi vizate \u00een at\u00e2t de multe dosare?<\/em><\/p>\n\n\n\n<p><strong>IGOR DODON, deputat PSRM:<\/strong> <em>Se tem.&nbsp;<\/em><\/p>\n\n\n\n<p><strong>Reporter:<\/strong><em> Cum se explic\u0103 acest lucru?<\/em><\/p>\n\n\n\n<p><strong>IGOR DODON, deputat PSRM: <\/strong><em>Se tem. Alt\u0103 solu\u021bie nu-i. Toate sondajele arat\u0103 c\u0103 eu sunt unul din candida\u021bii la func\u021bia de pre\u0219edinte, cu \u0219ansele cele mai mari peste doi ani. Deci, ei prin aceste dosare \u00eencearc\u0103 s\u0103-mi pun\u0103 anumite obstacole \u00een cariera mea politic\u0103.&nbsp;<\/em><\/p>\n<\/blockquote>\n\n\n\n<p>Pe l\u00e2ng\u0103 dosarul \u201eKuliok\u201d \u0219i \u201eEnergocom\u201d, liderul PSRM mai este anchetat pentru \u00eembog\u0103\u021bire ilicit\u0103, sp\u0103lare de bani \u0219i tr\u0103dare de patrie. Igor Dodon nu este singurul deputat socialist certat cu legea. Zinaida Grecean\u00eei, care a condus partidul \u00een perioada \u00een care Dodon a de\u021binut prima func\u021bie \u00een stat, este \u00eenvinuit\u0103 \u0219i ea \u00een dosarul finan\u021b\u0103rii ilegale a PSRM. Grecean\u00eei este anchetat\u0103 pe mai multe capete de acuzare, printre care: de\u021binerea \u0219i folosirea documentelor oficiale false, sp\u0103larea banilor de un grup criminal organizat, falsificarea rapoartelor privind gestiunea financiar\u0103 a partidului \u00een inten\u021bia de a ascunde identitatea donatorilor \u0219i acceptarea cu bun\u0103 \u0219tiin\u021b\u0103 a finan\u021b\u0103rii PSRM din partea unui grup criminal organizat sau organiza\u021bie criminal\u0103. Preciz\u0103m c\u0103 dosarul se afl\u0103 \u00eenc\u0103 la etapa de urm\u0103rire penal\u0103.<\/p>\n\n\n<div class=\"wp-block-image\">\n<figure class=\"aligncenter size-large\"><img decoding=\"async\" width=\"1024\" height=\"576\" src=\"https:\/\/cusens.md\/wp-content\/uploads\/2026\/08\/cusens-2026-08-30-17h30m52s179-1024x576.png\" alt=\"Deputa\u021bii certa\u021bi cu legea\" class=\"wp-image-11681\" srcset=\"https:\/\/cusens.md\/wp-content\/uploads\/2026\/08\/cusens-2026-08-30-17h30m52s179-1024x576.png 1024w, https:\/\/cusens.md\/wp-content\/uploads\/2026\/08\/cusens-2026-08-30-17h30m52s179-300x169.png 300w, https:\/\/cusens.md\/wp-content\/uploads\/2026\/08\/cusens-2026-08-30-17h30m52s179-768x432.png 768w, https:\/\/cusens.md\/wp-content\/uploads\/2026\/08\/cusens-2026-08-30-17h30m52s179-1536x864.png 1536w, https:\/\/cusens.md\/wp-content\/uploads\/2026\/08\/cusens-2026-08-30-17h30m52s179.png 1600w\" sizes=\"(max-width: 1024px) 100vw, 1024px\" \/><\/figure>\n<\/div>\n\n\n<blockquote class=\"wp-block-quote is-layout-flow wp-block-quote-is-layout-flow\">\n<p><strong>Reporter: <\/strong><em>Dumneavoastr\u0103 sunte\u021bi vizat\u0103 \u00een dosarul finan\u021b\u0103rii ilegale a PSRM. Cum comenta\u021bi \u00eenvinuirile aduse \u00een acel dosar?<\/em><\/p>\n\n\n\n<p><strong>ZINAIDA GRECEAN\u00ceI, deputat\u0103 PSRM:<\/strong> <em>Nicicum nu le comentez, fiindc\u0103 nu sunt \u00eenvinuiri juste. Deci, instan\u021ba trebuie s\u0103 se clarifice. O s\u0103 vedem cine are dreptate.<\/em><\/p>\n\n\n\n<p><strong>Reporter:<\/strong> <em>Cum se face c\u0103 mai mul\u021bi membrii ai PSRM sunt \u00eenvinui\u021bi \u00een acel dosar?<\/em>&nbsp;<\/p>\n\n\n\n<p><strong>ZINAIDA GRECEAN\u00ceI, deputat\u0103 PSRM: <\/strong><em>Asta \u00eenseamn\u0103 c\u0103 \u00eencurc\u0103 cuiva.<\/em>&nbsp;<\/p>\n<\/blockquote>\n\n\n\n<p>\u00cen acela\u0219i dosar, privind finan\u021barea ilegal\u0103 a PSRM, figureaz\u0103 \u0219i socialistul Vlad Batr\u00eencea, tot el vicepre\u0219edinte al Parlamentului. Batr\u00eencea mai este vizat \u00eentr-un alt dosar, pornit \u00een 2022. \u0218i de aceast\u0103 dat\u0103 este vorba de finan\u021barea ilegal\u0103 a partidului din partea unui grup criminal organizat. Preciz\u0103m c\u0103 ambele cauze se afl\u0103 la etapa de urm\u0103rire penal\u0103.<\/p>\n\n\n<div class=\"wp-block-image\">\n<figure class=\"aligncenter size-large\"><img decoding=\"async\" width=\"1024\" height=\"576\" src=\"https:\/\/cusens.md\/wp-content\/uploads\/2026\/08\/cusens-2026-08-30-17h31m48s484-1024x576.png\" alt=\"Deputa\u021bii certa\u021bi cu legea\" class=\"wp-image-11683\" srcset=\"https:\/\/cusens.md\/wp-content\/uploads\/2026\/08\/cusens-2026-08-30-17h31m48s484-1024x576.png 1024w, https:\/\/cusens.md\/wp-content\/uploads\/2026\/08\/cusens-2026-08-30-17h31m48s484-300x169.png 300w, https:\/\/cusens.md\/wp-content\/uploads\/2026\/08\/cusens-2026-08-30-17h31m48s484-768x432.png 768w, https:\/\/cusens.md\/wp-content\/uploads\/2026\/08\/cusens-2026-08-30-17h31m48s484-1536x864.png 1536w, https:\/\/cusens.md\/wp-content\/uploads\/2026\/08\/cusens-2026-08-30-17h31m48s484.png 1600w\" sizes=\"(max-width: 1024px) 100vw, 1024px\" \/><\/figure>\n<\/div>\n\n\n<blockquote class=\"wp-block-quote is-layout-flow wp-block-quote-is-layout-flow\">\n<p><strong>VLAD BATR\u00ceNCEA, deputat PSRM: <\/strong><em>Eu nu comentez, eu niciodat\u0103 n-am \u00eenc\u0103lcat legea, sunt omul care respect\u0103 legile \u021b\u0103rii, dar \u00een politic\u0103, desigur, se \u00eent\u00e2mpl\u0103 diferite atacuri, inclusiv \u0219i cu utilizarea organelor de drept. \u00cemi pare r\u0103u.&nbsp;<\/em><\/p>\n\n\n\n<p><strong>Reporter:<\/strong><em> Care-i pozi\u021bia dumneavoastr\u0103 referitor la \u00eenvinuirile aduse \u00een cele dou\u0103 dosare, ambele sunt pe finan\u021barea ilegal\u0103 a Partidului Sociali\u0219tilor?<\/em><\/p>\n\n\n\n<p><strong>VLAD BATR\u00ceNCEA, deputat PSRM: <\/strong><em>Eu nu am participat niciodat\u0103 \u00een procese legat de \u00eenc\u0103lcarea legii cu diferite forme de finan\u021bare ilegal\u0103. Niciodat\u0103. Este o mare abera\u021bie \u0219i \u00eemi pare r\u0103u c\u0103 eu trebuie s\u0103 discut cu presa aceste subiecte care sunt lipsite totalmente de factologie.&nbsp;<\/em><\/p>\n<\/blockquote>\n\n\n\n<p>Deputatul socialist, Marcel Cenu\u0219\u0103, care este la primul mandat de ales al poporului, a ajuns \u00een vizorul oamenilor legii, \u00een aprilie 2022, pe c\u00e2nd era pre\u0219edinte al raionului Cahul. Acesta a fost re\u021binut de procurorii Anticorup\u021bie \u0219i ofi\u021berii Centrului Na\u021bional Anticorup\u021bie, de r\u00e2nd cu al\u021bi angaja\u021bi ai Consiliului raional Cahul, dar \u0219i reprezentan\u021bi ai unor agen\u021bi economici, fiind b\u0103nui\u021bi c\u0103 ar fi prejudiciat bugetul raional cu peste un milion de lei, \u00een urma unor achizi\u021bii trucate. Dosarul se afl\u0103 pe masa judec\u0103torilor din Cahul, \u00een prima instan\u021b\u0103, de mai bine de trei ani, dar nu a fost pronun\u021bat\u0103 deocamdat\u0103 nicio decizie pe acest caz.&nbsp;<\/p>\n\n\n<div class=\"wp-block-image\">\n<figure class=\"aligncenter size-large\"><img decoding=\"async\" width=\"1024\" height=\"576\" src=\"https:\/\/cusens.md\/wp-content\/uploads\/2026\/08\/cusens-2026-08-30-17h32m43s999-1024x576.png\" alt=\"Deputa\u021bii certa\u021bi cu legea\" class=\"wp-image-11685\" srcset=\"https:\/\/cusens.md\/wp-content\/uploads\/2026\/08\/cusens-2026-08-30-17h32m43s999-1024x576.png 1024w, https:\/\/cusens.md\/wp-content\/uploads\/2026\/08\/cusens-2026-08-30-17h32m43s999-300x169.png 300w, https:\/\/cusens.md\/wp-content\/uploads\/2026\/08\/cusens-2026-08-30-17h32m43s999-768x432.png 768w, https:\/\/cusens.md\/wp-content\/uploads\/2026\/08\/cusens-2026-08-30-17h32m43s999-1536x864.png 1536w, https:\/\/cusens.md\/wp-content\/uploads\/2026\/08\/cusens-2026-08-30-17h32m43s999.png 1600w\" sizes=\"(max-width: 1024px) 100vw, 1024px\" \/><\/figure>\n<\/div>\n\n\n<blockquote class=\"wp-block-quote is-layout-flow wp-block-quote-is-layout-flow\">\n<p><strong>MARCEL CENU\u0218A, deputat PSRM: <\/strong><em>Sunt ni\u0219te falsuri. Toate achizi\u021biile publice \u00een cadrul Consiliului raional Cahul, atunci c\u00e2nd eu am fost pre\u0219edinte, s-au petrecut conform Legii 131 privind achizi\u021biile publice. Achizi\u021bia public\u0103 nu este petrecut\u0103 personal de pre\u0219edintele raionului. El este pre\u0219edintele grupului de lucru. \u00cen grupul de lucru sunt nou\u0103 persoane. Toate ofertele au fost examinate perfect legal de fiecare membru al comisiei. Fiecare membru al comisiei \u0219i-a dat votul pentru unul sau alt agent economic. A\u0219a c\u0103 sunt ni\u0219te falsuri.&nbsp;<\/em><\/p>\n<\/blockquote>\n\n\n\n<p>Un alt deputat socialist, luat la ochi de procurorii anticorup\u021bie \u00een anul 2022 pentru \u00eembog\u0103\u021bire ilicit\u0103, este Bogdat \u021a\u00eerdea. Dosarul se afl\u0103 \u00eenc\u0103 la etapa de urm\u0103rire penal\u0103.<\/p>\n\n\n<div class=\"wp-block-image\">\n<figure class=\"aligncenter size-large\"><img decoding=\"async\" width=\"1024\" height=\"576\" src=\"https:\/\/cusens.md\/wp-content\/uploads\/2026\/08\/cusens-2026-08-30-17h34m23s626-1024x576.png\" alt=\"Deputa\u021bii certa\u021bi cu legea\" class=\"wp-image-11687\" srcset=\"https:\/\/cusens.md\/wp-content\/uploads\/2026\/08\/cusens-2026-08-30-17h34m23s626-1024x576.png 1024w, https:\/\/cusens.md\/wp-content\/uploads\/2026\/08\/cusens-2026-08-30-17h34m23s626-300x169.png 300w, https:\/\/cusens.md\/wp-content\/uploads\/2026\/08\/cusens-2026-08-30-17h34m23s626-768x432.png 768w, https:\/\/cusens.md\/wp-content\/uploads\/2026\/08\/cusens-2026-08-30-17h34m23s626-1536x864.png 1536w, https:\/\/cusens.md\/wp-content\/uploads\/2026\/08\/cusens-2026-08-30-17h34m23s626.png 1600w\" sizes=\"(max-width: 1024px) 100vw, 1024px\" \/><\/figure>\n<\/div>\n\n\n<blockquote class=\"wp-block-quote is-layout-flow wp-block-quote-is-layout-flow\">\n<p><strong>BOGDAT \u021a\u00ceRDEA, deputat PSRM: <\/strong><em>Este un dosar fabricat, unul la m\u00e2n\u0103, doi &#8211; totalmente ilegal, cu \u00eenc\u0103lcarea grav\u0103, dar foarte grav\u0103, a tuturor procedurilor de la demararea acestui dosar de c\u0103tre Procuratura Anticorup\u021biei \u0219i de c\u0103tre procurori, care erau afilia\u021bi cu un procuror penal. P\u00e2n\u0103 la, cum s\u0103 v\u0103 spun, procedura de interogare, prezentarea probelor, nu \u00een\u021beleg clar care sunt probele \u0219i \u00een ce eu sunt concret acuzat. S\u0103-mi prezin\u021bi mie, \u00een baza faptului c\u0103 eu am v\u00e2ndut un apartament \u00een centru, de 70 de metri p\u0103tra\u021bi \u0219i am cump\u0103rat o cas\u0103 nefinisat\u0103, de 90 de metri p\u0103tra\u021bi, \u00eempreun\u0103 cu socrii, b\u0103i, fra\u021bul, voi ce cu totul?&nbsp;<\/em><\/p>\n<\/blockquote>\n\n\n\n<p>\u00cen 2021, Alexandr Stoianoglo, pe atunci Procuror General, a fost re\u021binut \u00eentr-un dosar de corup\u021bie. \u00cen prezent acesta este deputat \u00een cadrul frac\u021biunii parlamentare \u201eAlternativa\u201d.<\/p>\n\n\n\n<blockquote class=\"wp-block-quote is-layout-flow wp-block-quote-is-layout-flow\">\n<p><strong>VICTOR FURTUNA, procuror Anticorup\u021bie (2019-2025): <\/strong><em>Au avut loc ac\u021biuni de urm\u0103rire penal\u0103. Acum a fost re\u021binerea \u0219i perchezi\u021bia \u00een biroul de serviciu al domnului Alexandr Stoianoglo, \u00eentr-o cauz\u0103 penal\u0103 pornit\u0103 pe patru capete de acuzare. Este vorba de: abuz \u00een serviciu, dep\u0103\u0219irea abuzului \u00een serviciu, corupere pasiv\u0103 \u0219i darea declara\u021bii mincinoase \u00een fa\u021ba unui organ competent.&nbsp;&nbsp;<\/em><\/p>\n<\/blockquote>\n\n\n\n<p>S-a \u00eent\u00e2mplat, la scurt timp, dup\u0103 ce deputatul Partidului Ac\u021biune \u0219i Solidaritate, Lilian Carp, tot el pre\u0219edintele Comisiei parlamentare securitate na\u021bional\u0103, ap\u0103rare \u0219i ordine public\u0103, a depus o sesizare la Consiliul Superior al Procurorilor, \u00een care afirm\u0103, \u00eentre altele, c\u0103 Stoianoglo a renun\u021bat ilegal la \u00eenvinuire \u00een cazul controversatului om de afaceri, Veaceslav Platon, anchetat \u00een dosarul \u201eFrauda bancar\u0103\u201d.&nbsp;<\/p>\n\n\n\n<blockquote class=\"wp-block-quote is-layout-flow wp-block-quote-is-layout-flow\">\n<p><strong>LILIAN CARP, deputat PAS, pre\u0219edintele Comisiei pentru securitate na\u021bional\u0103, ap\u0103rare \u0219i ordine public\u0103: <\/strong><em>Eu rog ca procurorul care va fi desemnat s\u0103 verifice \u00een ce condi\u021bii a fost ridicat\u0103 \u00eenvinuirea. Asta e tot ce am avut de spus.&nbsp;<\/em><\/p>\n<\/blockquote>\n\n\n\n<p>Pe un alt cap\u0103t de acuzare, Stoianoglo este \u00eenvinuit de corupere pasiv\u0103. Potrivit procurorilor, acesta ar fi primit bunuri \u0219i avantaje de la Veaceslav Platon \u00een sum\u0103 total\u0103 de peste 63 de milioane de lei. <\/p>\n\n\n<div class=\"wp-block-image\">\n<figure class=\"aligncenter size-large\"><img decoding=\"async\" width=\"1024\" height=\"576\" src=\"https:\/\/cusens.md\/wp-content\/uploads\/2026\/08\/cusens-2026-08-30-17h35m00s156-1024x576.png\" alt=\"Deputa\u021bii certa\u021bi cu legea\" class=\"wp-image-11689\" srcset=\"https:\/\/cusens.md\/wp-content\/uploads\/2026\/08\/cusens-2026-08-30-17h35m00s156-1024x576.png 1024w, https:\/\/cusens.md\/wp-content\/uploads\/2026\/08\/cusens-2026-08-30-17h35m00s156-300x169.png 300w, https:\/\/cusens.md\/wp-content\/uploads\/2026\/08\/cusens-2026-08-30-17h35m00s156-768x432.png 768w, https:\/\/cusens.md\/wp-content\/uploads\/2026\/08\/cusens-2026-08-30-17h35m00s156-1536x864.png 1536w, https:\/\/cusens.md\/wp-content\/uploads\/2026\/08\/cusens-2026-08-30-17h35m00s156.png 1600w\" sizes=\"(max-width: 1024px) 100vw, 1024px\" \/><\/figure>\n<\/div>\n\n\n<p>De asemenea, Stoianoglo este \u00eenvinuit c\u0103 nu a inclus inten\u021bionat \u00een declara\u021bia de avere \u0219i interese personale faptul c\u0103 so\u021bia sa, \u00eencep\u00e2nd cu anul 2021, este unul din beneficiarii efectivi ai unei societ\u0103\u021bi \u00eenregistrate \u00een Ucraina, afiliat\u0103 lui Platon. \u00centr-o alt\u0103 cauz\u0103 penal\u0103, Alexandr Stoianoglo este acuzat c\u0103, folosindu-\u0219i func\u021bia, ar fi ob\u021binut ilegal coresponden\u021ba privat\u0103 a fostului procuror-\u0219ef al Procuraturii Anticorup\u021bie, Viorel Morari, \u0219i ar fi divulgat date ale urm\u0103ririi penale.&nbsp;<\/p>\n\n\n\n<blockquote class=\"wp-block-quote is-layout-flow wp-block-quote-is-layout-flow\">\n<p><strong>ALEXANDR STOIANOGLO, Procuror General (2019-2023): <\/strong><em>Am reu\u0219it, \u00een condi\u021bii legale \u0219i cu suportul exper\u021bilor Europol, s\u0103 decod\u0103m \u0219i s\u0103 descifr\u0103m coresponden\u021ba din unul din telefoanele utilizate de c\u0103tre Viorel Morari.&nbsp;<\/em><\/p>\n<\/blockquote>\n\n\n\n<p>\u00cen cadrul briefingului de pres\u0103, a dat citire unor conversa\u021bii private ale lui Viorel Morari cu anumi\u021bi reprezentan\u021bi ai societ\u0103\u021bii civile, consilieri guvernamentali, precum \u0219i cu fostul \u0219ef al Delega\u021biei Uniunii Europene la Chi\u0219in\u0103u. Dosarul a ajuns pe masa judec\u0103torilor care l-au achitat \u00een prima instan\u021b\u0103. Procurorii au contestat, \u00eens\u0103, decizia cu Apel.&nbsp;<\/p>\n\n\n\n<p>\u00centr-o alt\u0103 cauz\u0103 penal\u0103 Stoianoglo este acuzat c\u0103 \u0219i-a dep\u0103\u0219it atribu\u021biile de serviciu atunci c\u00e2nd a dispus achitarea unei indemniza\u021bii de aproape 164 mii de lei procurorului Nicolae Chitoroag\u0103 la concedierea acestuia. Potrivit acuz\u0103rii, la acel moment, Chitoroag\u0103 figura \u00eentr-un dosar penal \u0219i nu avea dreptul la indemniza\u021bia de concediere. \u0218i \u00een acest dosar, at\u00e2t prima instan\u021b\u0103 c\u00e2t \u0219i Curtea de Apel l-au achitat de pedeaps\u0103, \u00eens\u0103 Procuratura Anticorup\u021bie ne-a informat c\u0103 decizia a fost contestat\u0103 la Curtea Suprem\u0103 de Justi\u021bie. Totodat\u0103, procurorii Anticorup\u021bie continu\u0103 urm\u0103rirea penal\u0103 \u00een alte dou\u0103 cauze, una privind \u00eembog\u0103\u021birea ilicit\u0103 \u0219i alta privind abuzul de serviciu.<\/p>\n\n\n\n<blockquote class=\"wp-block-quote is-layout-flow wp-block-quote-is-layout-flow\">\n<p><strong>ALEXANDR STOIANOGLO, deputat \u201eAlternativa\u201d: <\/strong><em>Aceste dosare au avut numai un scop: \u00eenl\u0103turarea mea din func\u021bie de Procuror General. \u0218i asta a fost o f\u0103r\u0103delege f\u0103r\u0103 precedent \u00een istoria Republicii Moldovei.&nbsp;<\/em><\/p>\n\n\n\n<p><strong>Reporter:<\/strong> <em>\u0218i de ce sunte\u021bi vizat \u00een at\u00e2t de multe dosare penale? \u00cen cazul dat, dumneavoastr\u0103 sunte\u021bi deputatul cu cele mai multe.&nbsp;<\/em><\/p>\n\n\n\n<p><strong>ALEXANDR STOIANOGLO, deputat \u201eAlternativa\u201d: <\/strong><em>\u00cenc\u0103 o dat\u0103 v\u0103 spun, toate dosarele \u00een privin\u021ba mea au fost inventate, au fost falsificate. Atrag aten\u021bia, asta \u00een situa\u021bia \u00een care avem \u00een \u021bara noastr\u0103 o justi\u021bie subordonat\u0103 politic. Numai pe motive politice am fost persecutat, nu c\u0103 am s\u0103v\u00e2r\u0219it ceva.&nbsp;<\/em><\/p>\n<\/blockquote>\n\n\n\n<p>Iar deputatul Partidului \u201eDemocra\u021bia Acas\u0103\u201d, Vasile Costiuc, este vizat \u00eentr-un dosar penal privind \u00eenstr\u0103inarea frauduloas\u0103 a unor terenuri publice, aflate \u00een gestiunea Prim\u0103riei Durle\u0219ti. Acesta este \u00eenvinuit c\u0103, \u00een 2008, ar fi participat la comiterea infrac\u021biunilor de abuz de putere \u0219i sp\u0103larea banilor comise de un grup criminal organizat din care f\u0103cea parte fostul consilier local \u0219i primar al ora\u0219ului Durle\u0219ti, Nicolae Crudu, care a fost \u0219i na\u0219ul de cununie al lui Costiuc. Dosarul a fost pornit \u00een 2021 \u0219i se afl\u0103 \u00eenc\u0103 la etapa de urm\u0103rire penal\u0103.<\/p>\n\n\n<div class=\"wp-block-image\">\n<figure class=\"aligncenter size-large\"><img decoding=\"async\" width=\"1024\" height=\"576\" src=\"https:\/\/cusens.md\/wp-content\/uploads\/2026\/08\/cusens-2026-08-30-17h36m42s006-1024x576.png\" alt=\"Deputa\u021bii certa\u021bi cu legea\" class=\"wp-image-11691\" srcset=\"https:\/\/cusens.md\/wp-content\/uploads\/2026\/08\/cusens-2026-08-30-17h36m42s006-1024x576.png 1024w, https:\/\/cusens.md\/wp-content\/uploads\/2026\/08\/cusens-2026-08-30-17h36m42s006-300x169.png 300w, https:\/\/cusens.md\/wp-content\/uploads\/2026\/08\/cusens-2026-08-30-17h36m42s006-768x432.png 768w, https:\/\/cusens.md\/wp-content\/uploads\/2026\/08\/cusens-2026-08-30-17h36m42s006-1536x864.png 1536w, https:\/\/cusens.md\/wp-content\/uploads\/2026\/08\/cusens-2026-08-30-17h36m42s006.png 1600w\" sizes=\"(max-width: 1024px) 100vw, 1024px\" \/><\/figure>\n<\/div>\n\n\n<blockquote class=\"wp-block-quote is-layout-flow wp-block-quote-is-layout-flow\">\n<p><strong>VASILE COSTIUC, deputat \u201eDemocra\u021bia Acas\u0103\u201d: <\/strong><em>Eu n-am participat nici \u00eentr-un grup criminal organizat. Eu, pentru c\u0103 este \u00eenc\u0103 un dosar \u00een desf\u0103\u0219urare, dup\u0103 2022, amu\u0219 o s\u0103 fie patru ani de c\u00e2nd este dosarul, ca s\u0103 nu spun c\u0103 prejudiciez dosarul, n-o s\u0103 intru \u00een detalii s\u0103 v\u0103 spun ce s-a \u00eent\u00e2mplat cu adev\u0103rat. Eu, ast\u0103zi, sunt \u00eenvinuit, dup\u0103 patru ani de zile re\u021binut, arestat, b\u0103taie de joc. Dac\u0103 eu eram at\u00e2t de periculos \u0219i trebuia s\u0103 fiu \u00eenchis, de ce nu au trimis dosarul \u00een instan\u021b\u0103?<\/em>&nbsp;<\/p>\n\n\n\n<p><strong>Reporter:<\/strong> <em>E factologie. Dumneavoastr\u0103 a\u021bi cump\u0103rat trei terenuri? <\/em>&nbsp;<\/p>\n\n\n\n<p><strong>VASILE COSTIUC, deputat \u201eDemocra\u021bia Acas\u0103\u201d:<\/strong> <em>S\u0103 cumperi ceva e ilegal? S\u0103 vinzi ceva ilegal? C\u0103 a\u021bi spus c\u0103 s-a cump\u0103ra\u021bi \u0219i s-a v\u00e2ndut. Asta e toat\u0103 crima? Pentru asta ar trebui s\u0103-l \u00eenchizi pe om?&nbsp;<\/em><\/p>\n<\/blockquote>\n\n\n\n<p>Colegul lui Costiuc de frac\u021biune, Alexandru Ver\u0219inin, este vizat \u0219i el \u00eentr-un dosar penal \u00een care figureaz\u0103 drept complice la \u00eembog\u0103\u021birea ilicit\u0103 a unui fost deputat democrat. Am solicitat mai multe informa\u021bii de la Procuratura Anticorup\u021bie, care \u00eens\u0103 nu ne-a oferit detalii despre acest caz.&nbsp;&nbsp;<\/p>\n\n\n<div class=\"wp-block-image\">\n<figure class=\"aligncenter size-large\"><img decoding=\"async\" width=\"1024\" height=\"576\" src=\"https:\/\/cusens.md\/wp-content\/uploads\/2026\/08\/cusens-2026-08-30-17h37m20s108-1024x576.png\" alt=\"Deputa\u021bii certa\u021bi cu legea\" class=\"wp-image-11693\" srcset=\"https:\/\/cusens.md\/wp-content\/uploads\/2026\/08\/cusens-2026-08-30-17h37m20s108-1024x576.png 1024w, https:\/\/cusens.md\/wp-content\/uploads\/2026\/08\/cusens-2026-08-30-17h37m20s108-300x169.png 300w, https:\/\/cusens.md\/wp-content\/uploads\/2026\/08\/cusens-2026-08-30-17h37m20s108-768x432.png 768w, https:\/\/cusens.md\/wp-content\/uploads\/2026\/08\/cusens-2026-08-30-17h37m20s108-1536x864.png 1536w, https:\/\/cusens.md\/wp-content\/uploads\/2026\/08\/cusens-2026-08-30-17h37m20s108.png 1600w\" sizes=\"(max-width: 1024px) 100vw, 1024px\" \/><\/figure>\n<\/div>\n\n\n<blockquote class=\"wp-block-quote is-layout-flow wp-block-quote-is-layout-flow\">\n<p><strong>ALEXANDRU VER\u0218ININ, deputat \u201eDemocra\u021bia Acas\u0103\u201d:<\/strong> <em>Ce fel de politician f\u0103r\u0103 dosare penale? \u00censeamn\u0103 c\u0103 e\u0219ti comod.<\/em><\/p>\n\n\n\n<p><strong>Reporter:<em> <\/em><\/strong><em>Dar ast\u0103zi sunte\u021bi vizat \u00eentr-un dosar penal. V\u0103 este cunoscut sau nu?<\/em><\/p>\n\n\n\n<p><strong>ALEXANDRU VER\u0218ININ, deputat \u201eDemocra\u021bia Acas\u0103\u201d: <\/strong><em>Din c\u00e2te cunosc &#8211; da.<\/em><\/p>\n\n\n\n<p><strong>Reporter: <\/strong><em>Ce dosar?<\/em><\/p>\n\n\n\n<p><strong>ALEXANDRU VER\u0218ININ, deputat \u201eDemocra\u021bia Acas\u0103\u201d: <\/strong><em>Complice la \u00eembog\u0103\u021bire ilicit\u0103.<\/em><\/p>\n\n\n\n<p><strong>Reporter:<\/strong> <em>A cui?<\/em><\/p>\n\n\n\n<p><strong>ALEXANDRU VER\u0218ININ, deputat \u201eDemocra\u021bia Acas\u0103\u201d: <\/strong><em>A fostului deputat PD, Corneliu Mihalache. Procurorii au v\u0103zut c\u0103 eu am contribuit la \u00eembog\u0103\u021birea ilicit\u0103 a fostului deputat, ceea ce mi se pare o abera\u021bie total\u0103.&nbsp;<\/em><\/p>\n<\/blockquote>\n\n\n\n<p>Iar Renato Usat\u00eei, liderul frac\u021biunii parlamentare \u201ePartidul Nostru\u201d este vizat \u00eentr-o cauz\u0103 penal\u0103 \u00een Federa\u021bia Rus\u0103. \u00cen 2024, procurorii ru\u0219i au anun\u021bat c\u0103 au trimis \u00een judecat\u0103 dosarul \u00een care Usat\u00eei este acuzat c\u0103, \u00een perioada 2013-2014, \u00een complicitate cu Veaceslav Platon \u0219i Vladimir Plahotniuc, ar fi transferat ilegal din Federa\u021bia Rus\u0103 175 miliarde de ruble, opera\u021biune cunoscut\u0103 \u00een spa\u021biul public drept \u201eLaundromat\u201d. Ace\u0219tia au mai men\u021bionat c\u0103 au cerut extr\u0103darea lui, cererea fiind respins\u0103. Ministerul Justi\u021biei ne-a spus, \u00eens\u0103, c\u0103 nu a fost \u00eenregistrat\u0103 nicio cerere de extr\u0103dare formulat\u0103 de autorit\u0103\u021bile Federa\u021biei Ruse care s\u0103-l vizeze pe Renato Usat\u00eei.&nbsp;<\/p>\n\n\n<div class=\"wp-block-image\">\n<figure class=\"aligncenter size-large\"><img decoding=\"async\" width=\"1024\" height=\"576\" src=\"https:\/\/cusens.md\/wp-content\/uploads\/2026\/08\/cusens-2026-08-30-17h37m55s311-1024x576.png\" alt=\"Deputa\u021bii certa\u021bi cu legea\" class=\"wp-image-11695\" srcset=\"https:\/\/cusens.md\/wp-content\/uploads\/2026\/08\/cusens-2026-08-30-17h37m55s311-1024x576.png 1024w, https:\/\/cusens.md\/wp-content\/uploads\/2026\/08\/cusens-2026-08-30-17h37m55s311-300x169.png 300w, https:\/\/cusens.md\/wp-content\/uploads\/2026\/08\/cusens-2026-08-30-17h37m55s311-768x432.png 768w, https:\/\/cusens.md\/wp-content\/uploads\/2026\/08\/cusens-2026-08-30-17h37m55s311-1536x864.png 1536w, https:\/\/cusens.md\/wp-content\/uploads\/2026\/08\/cusens-2026-08-30-17h37m55s311.png 1600w\" sizes=\"(max-width: 1024px) 100vw, 1024px\" \/><\/figure>\n<\/div>\n\n\n<blockquote class=\"wp-block-quote is-layout-flow wp-block-quote-is-layout-flow\">\n<p><strong>RENATO USAT\u00ceI, deputat \u201ePartidul Nostru\u201d: <\/strong><em>Eu nu pot fi \u0219antajat cu ru\u0219i, francezi, papua\u0219i \u0219i a\u0219a mai departe. \u0218i orice tentativ\u0103 de a face presiune anume pe mine prin aceste dosare fabricate, tot timpul s-au terminat cu zero. A\u0219a credea Plahotniuc care ne-a pornit, ne-a desenat vreo 20 dosare, nu \u021bine\u021bi minte, primul dosar, umorul lui Cavcaliuc unde \u021aipovici \u00eemi scria, chipurile eu \u00eei scriam de pe o pagin\u0103 fake de Facebook: <\/em><em>\u201e<\/em><em>Colea, d\u0103 s\u0103-l umor\u00e2m pe Cavcaliuc. Nu, s\u00e2mb\u0103ta asta am de lucru d\u0103 s\u0103 le l\u0103s\u0103m pe cealalt\u0103\u201d. A\u0219a o s\u0103 dispar\u0103 \u0219i dosarul acesta. Dar s\u0103 nu cread\u0103 cineva c\u0103 poate s\u0103 negocieze ceva cu mine \u00een acest sens.<\/em>&nbsp;&nbsp;<\/p>\n<\/blockquote>\n","protected":false},"excerpt":{"rendered":"<p>Corupere pasiv\u0103, finan\u021bare ilegal\u0103 a partidului, \u00eembog\u0103\u021bire ilicit\u0103 sau tr\u0103dare de patrie. Acestea sunt doar c\u00e2teva dintre \u00eenvinuirile aduse unor deputa\u021bi din actualul Parlament de la Chi\u0219in\u0103u. Dac\u0103 unii ale\u0219i ai poporului sunt ancheta\u021bi penal \u00eentr-un singur dosar, al\u021bii &#8211; \u00een mai multe. Pentru c\u0103 dosarele se afl\u0103 \u00eenc\u0103 la etapa de urm\u0103rire penal\u0103 sau [&hellip;]<\/p>\n","protected":false},"author":22,"featured_media":11671,"comment_status":"open","ping_status":"open","sticky":false,"template":"","format":"video","meta":{"_acf_changed":false,"inline_featured_image":false,"footnotes":""},"categories":[9],"tags":[],"coauthors":[123],"class_list":["post-11670","post","type-post","status-publish","format-video","has-post-thumbnail","hentry","category-investigatii","post_format-post-format-video"],"acf":[],"featured_image_src":"https:\/\/cusens.md\/wp-content\/uploads\/2026\/08\/cover-clean_deputati-cu-dosare.png","author_info":{"display_name":"Adela \u0218evciuc","author_link":"https:\/\/cusens.md\/ro\/author\/adela_sevciuc\/"},"yoast_head":"<!-- This site is optimized with the Yoast SEO plugin v28.3 - https:\/\/yoast.com\/product\/yoast-seo-wordpress\/ -->\n<title>Deputa\u021bii certa\u021bi cu legea - Cu Sens<\/title>\n<meta name=\"robots\" content=\"index, follow, max-snippet:-1, max-image-preview:large, max-video-preview:-1\" \/>\n<link rel=\"canonical\" href=\"https:\/\/cusens.md\/ro\/investigatii\/deputatii-certati-cu-legea-2\/\" \/>\n<meta property=\"og:locale\" content=\"ro_RO\" \/>\n<meta property=\"og:type\" content=\"article\" \/>\n<meta property=\"og:title\" content=\"Deputa\u021bii certa\u021bi cu legea - Cu Sens\" \/>\n<meta property=\"og:description\" content=\"Corupere pasiv\u0103, finan\u021bare ilegal\u0103 a partidului, \u00eembog\u0103\u021bire ilicit\u0103 sau tr\u0103dare de patrie. Acestea sunt doar c\u00e2teva dintre \u00eenvinuirile aduse unor deputa\u021bi din actualul Parlament de la Chi\u0219in\u0103u. Dac\u0103 unii ale\u0219i ai poporului sunt ancheta\u021bi penal \u00eentr-un singur dosar, al\u021bii &#8211; \u00een mai multe. Pentru c\u0103 dosarele se afl\u0103 \u00eenc\u0103 la etapa de urm\u0103rire penal\u0103 sau [&hellip;]\" \/>\n<meta property=\"og:url\" content=\"https:\/\/cusens.md\/ro\/investigatii\/deputatii-certati-cu-legea-2\/\" \/>\n<meta property=\"article:author\" content=\"https:\/\/www.facebook.com\/adela.sevciuc\" \/>\n<meta property=\"article:published_time\" content=\"2026-08-30T15:18:09+00:00\" \/>\n<meta property=\"article:modified_time\" content=\"2026-08-30T15:36:17+00:00\" \/>\n<meta property=\"og:image\" content=\"https:\/\/cusens.md\/wp-content\/uploads\/2026\/08\/cover-clean_deputati-cu-dosare-1024x576.png\" \/>\n\t<meta property=\"og:image:width\" content=\"1024\" \/>\n\t<meta property=\"og:image:height\" content=\"576\" \/>\n\t<meta property=\"og:image:type\" content=\"image\/png\" \/>\n<meta name=\"author\" content=\"Adela \u0218evciuc\" \/>\n<meta name=\"twitter:card\" content=\"summary_large_image\" \/>\n<meta name=\"twitter:label1\" content=\"Scris de\" \/>\n\t<meta name=\"twitter:data1\" content=\"Adela \u0218evciuc\" \/>\n\t<meta name=\"twitter:label2\" content=\"Timp estimat pentru citire\" \/>\n\t<meta name=\"twitter:data2\" content=\"11 minute\" \/>\n\t<meta name=\"twitter:label3\" content=\"Written by\" \/>\n\t<meta name=\"twitter:data3\" content=\"Adela \u0218evciuc\" \/>\n<script type=\"application\/ld+json\" class=\"yoast-schema-graph\">{\"@context\":\"https:\\\/\\\/schema.org\",\"@graph\":[{\"@type\":\"Article\",\"@id\":\"https:\\\/\\\/cusens.md\\\/ro\\\/investigatii\\\/deputatii-certati-cu-legea-2\\\/#article\",\"isPartOf\":{\"@id\":\"https:\\\/\\\/cusens.md\\\/ro\\\/investigatii\\\/deputatii-certati-cu-legea-2\\\/\"},\"author\":{\"name\":\"Adela \u0218evciuc\",\"@id\":\"https:\\\/\\\/cusens.md\\\/ro\\\/#\\\/schema\\\/person\\\/4b73d2ed2f7500450ba5dde03fa23e22\"},\"headline\":\"Deputa\u021bii certa\u021bi cu legea\",\"datePublished\":\"2026-08-30T15:18:09+00:00\",\"dateModified\":\"2026-08-30T15:36:17+00:00\",\"mainEntityOfPage\":{\"@id\":\"https:\\\/\\\/cusens.md\\\/ro\\\/investigatii\\\/deputatii-certati-cu-legea-2\\\/\"},\"wordCount\":3105,\"commentCount\":0,\"image\":{\"@id\":\"https:\\\/\\\/cusens.md\\\/ro\\\/investigatii\\\/deputatii-certati-cu-legea-2\\\/#primaryimage\"},\"thumbnailUrl\":\"https:\\\/\\\/cusens.md\\\/wp-content\\\/uploads\\\/2026\\\/08\\\/cover-clean_deputati-cu-dosare.png\",\"articleSection\":[\"Investiga\u021bii\"],\"inLanguage\":\"ro-RO\",\"potentialAction\":[{\"@type\":\"CommentAction\",\"name\":\"Comment\",\"target\":[\"https:\\\/\\\/cusens.md\\\/ro\\\/investigatii\\\/deputatii-certati-cu-legea-2\\\/#respond\"]}]},{\"@type\":\"WebPage\",\"@id\":\"https:\\\/\\\/cusens.md\\\/ro\\\/investigatii\\\/deputatii-certati-cu-legea-2\\\/\",\"url\":\"https:\\\/\\\/cusens.md\\\/ro\\\/investigatii\\\/deputatii-certati-cu-legea-2\\\/\",\"name\":\"Deputa\u021bii certa\u021bi cu legea - Cu Sens\",\"isPartOf\":{\"@id\":\"https:\\\/\\\/cusens.md\\\/ro\\\/#website\"},\"primaryImageOfPage\":{\"@id\":\"https:\\\/\\\/cusens.md\\\/ro\\\/investigatii\\\/deputatii-certati-cu-legea-2\\\/#primaryimage\"},\"image\":{\"@id\":\"https:\\\/\\\/cusens.md\\\/ro\\\/investigatii\\\/deputatii-certati-cu-legea-2\\\/#primaryimage\"},\"thumbnailUrl\":\"https:\\\/\\\/cusens.md\\\/wp-content\\\/uploads\\\/2026\\\/08\\\/cover-clean_deputati-cu-dosare.png\",\"datePublished\":\"2026-08-30T15:18:09+00:00\",\"dateModified\":\"2026-08-30T15:36:17+00:00\",\"author\":{\"@id\":\"https:\\\/\\\/cusens.md\\\/ro\\\/#\\\/schema\\\/person\\\/4b73d2ed2f7500450ba5dde03fa23e22\"},\"breadcrumb\":{\"@id\":\"https:\\\/\\\/cusens.md\\\/ro\\\/investigatii\\\/deputatii-certati-cu-legea-2\\\/#breadcrumb\"},\"inLanguage\":\"ro-RO\",\"potentialAction\":[{\"@type\":\"ReadAction\",\"target\":[\"https:\\\/\\\/cusens.md\\\/ro\\\/investigatii\\\/deputatii-certati-cu-legea-2\\\/\"]}]},{\"@type\":\"ImageObject\",\"inLanguage\":\"ro-RO\",\"@id\":\"https:\\\/\\\/cusens.md\\\/ro\\\/investigatii\\\/deputatii-certati-cu-legea-2\\\/#primaryimage\",\"url\":\"https:\\\/\\\/cusens.md\\\/wp-content\\\/uploads\\\/2026\\\/08\\\/cover-clean_deputati-cu-dosare.png\",\"contentUrl\":\"https:\\\/\\\/cusens.md\\\/wp-content\\\/uploads\\\/2026\\\/08\\\/cover-clean_deputati-cu-dosare.png\",\"width\":1600,\"height\":900,\"caption\":\"Deputa\u021bii certa\u021bi cu legea\"},{\"@type\":\"BreadcrumbList\",\"@id\":\"https:\\\/\\\/cusens.md\\\/ro\\\/investigatii\\\/deputatii-certati-cu-legea-2\\\/#breadcrumb\",\"itemListElement\":[{\"@type\":\"ListItem\",\"position\":1,\"name\":\"Home\",\"item\":\"https:\\\/\\\/cusens.md\\\/ro\\\/\"},{\"@type\":\"ListItem\",\"position\":2,\"name\":\"Deputa\u021bii certa\u021bi cu legea\"}]},{\"@type\":\"WebSite\",\"@id\":\"https:\\\/\\\/cusens.md\\\/ro\\\/#website\",\"url\":\"https:\\\/\\\/cusens.md\\\/ro\\\/\",\"name\":\"Cu Sens\",\"description\":\"Investiga\u021bii video care surprind realit\u0103\u021bile Moldovei\",\"potentialAction\":[{\"@type\":\"SearchAction\",\"target\":{\"@type\":\"EntryPoint\",\"urlTemplate\":\"https:\\\/\\\/cusens.md\\\/ro\\\/?s={search_term_string}\"},\"query-input\":{\"@type\":\"PropertyValueSpecification\",\"valueRequired\":true,\"valueName\":\"search_term_string\"}}],\"inLanguage\":\"ro-RO\"},{\"@type\":\"Person\",\"@id\":\"https:\\\/\\\/cusens.md\\\/ro\\\/#\\\/schema\\\/person\\\/4b73d2ed2f7500450ba5dde03fa23e22\",\"name\":\"Adela \u0218evciuc\",\"image\":{\"@type\":\"ImageObject\",\"inLanguage\":\"ro-RO\",\"@id\":\"https:\\\/\\\/cusens.md\\\/wp-content\\\/uploads\\\/2022\\\/06\\\/adela-site-150x150.jpg6062ffcd5abcae7392e106bb87ccfe5b\",\"url\":\"https:\\\/\\\/cusens.md\\\/wp-content\\\/uploads\\\/2022\\\/06\\\/adela-site-150x150.jpg\",\"contentUrl\":\"https:\\\/\\\/cusens.md\\\/wp-content\\\/uploads\\\/2022\\\/06\\\/adela-site-150x150.jpg\",\"caption\":\"Adela \u0218evciuc\"},\"description\":\"Adela este absolventa Facult\u0103\u021bii de Jurnalism \u0219i \u0218tiin\u021be ale Comunic\u0103rii a Universit\u0103\u021bii de Stat din Moldova. \u00cen ultimii ani, a participat la diverse traininguri \u0219i workshopuri din \u021bar\u0103 \u0219i de peste hotare.\u00a0\u00a0 Face jurnalism de \u0219ase ani. A fost reporter\u0103 la portalul de \u0219tiri Jurnal.md. Ulterior, a scris \u0219tiri externe la postul Jurnal TV. Nu a durat mult \u0219i s-a al\u0103turat echipei de la Departamentul \u0219tiri de la aceea\u0219i televiziune, unde a f\u0103cut subiecte sociale \u0219i politice \u00een format video.\u00a0 \u00cen aprilie 2022 s-a al\u0103turat echipei CU SENS, iar \u00een 2023 a fost premiat\u0103 la concursul Tulip Press Awards, care are scopul de a \u00eencuraja jurnali\u0219tii din Republica Moldova, care abordeaz\u0103 corect \u0219i echidistant subiecte despre drepturile omului. Adela \u0218evciuc: \u201eCU SENS este o echip\u0103 de jurnali\u0219ti de investiga\u021bie. Am decis s\u0103 m\u0103 al\u0103tur lor pentru c\u0103 \u00eemp\u0103rt\u0103\u0219esc aceea\u0219i pasiune. \u00cen\u021beleg c\u0103 e de datoria mea s\u0103 pun totul la \u00eendoial\u0103, s\u0103 verific informa\u021biile \u0219i s\u0103 prezint oamenilor, care ne urm\u0103resc subiectele, nedreptatea, injusti\u021bia \u0219i alte ilegalit\u0103\u021bi. \u0218i vreau s-o fac cu sens\u201d.\",\"sameAs\":[\"https:\\\/\\\/www.facebook.com\\\/adela.sevciuc\"],\"url\":\"https:\\\/\\\/cusens.md\\\/ro\\\/author\\\/adela_sevciuc\\\/\"}]}<\/script>\n<!-- \/ Yoast SEO plugin. -->","yoast_head_json":{"title":"Deputa\u021bii certa\u021bi cu legea - Cu Sens","robots":{"index":"index","follow":"follow","max-snippet":"max-snippet:-1","max-image-preview":"max-image-preview:large","max-video-preview":"max-video-preview:-1"},"canonical":"https:\/\/cusens.md\/ro\/investigatii\/deputatii-certati-cu-legea-2\/","og_locale":"ro_RO","og_type":"article","og_title":"Deputa\u021bii certa\u021bi cu legea - Cu Sens","og_description":"Corupere pasiv\u0103, finan\u021bare ilegal\u0103 a partidului, \u00eembog\u0103\u021bire ilicit\u0103 sau tr\u0103dare de patrie. Acestea sunt doar c\u00e2teva dintre \u00eenvinuirile aduse unor deputa\u021bi din actualul Parlament de la Chi\u0219in\u0103u. Dac\u0103 unii ale\u0219i ai poporului sunt ancheta\u021bi penal \u00eentr-un singur dosar, al\u021bii &#8211; \u00een mai multe. Pentru c\u0103 dosarele se afl\u0103 \u00eenc\u0103 la etapa de urm\u0103rire penal\u0103 sau [&hellip;]","og_url":"https:\/\/cusens.md\/ro\/investigatii\/deputatii-certati-cu-legea-2\/","article_author":"https:\/\/www.facebook.com\/adela.sevciuc","article_published_time":"2026-08-30T15:18:09+00:00","article_modified_time":"2026-08-30T15:36:17+00:00","og_image":[{"width":1024,"height":576,"url":"https:\/\/cusens.md\/wp-content\/uploads\/2026\/08\/cover-clean_deputati-cu-dosare-1024x576.png","type":"image\/png"}],"author":"Adela \u0218evciuc","twitter_card":"summary_large_image","twitter_misc":{"Scris de":"Adela \u0218evciuc","Timp estimat pentru citire":"11 minute","Written by":"Adela \u0218evciuc"},"schema":{"@context":"https:\/\/schema.org","@graph":[{"@type":"Article","@id":"https:\/\/cusens.md\/ro\/investigatii\/deputatii-certati-cu-legea-2\/#article","isPartOf":{"@id":"https:\/\/cusens.md\/ro\/investigatii\/deputatii-certati-cu-legea-2\/"},"author":{"name":"Adela \u0218evciuc","@id":"https:\/\/cusens.md\/ro\/#\/schema\/person\/4b73d2ed2f7500450ba5dde03fa23e22"},"headline":"Deputa\u021bii certa\u021bi cu legea","datePublished":"2026-08-30T15:18:09+00:00","dateModified":"2026-08-30T15:36:17+00:00","mainEntityOfPage":{"@id":"https:\/\/cusens.md\/ro\/investigatii\/deputatii-certati-cu-legea-2\/"},"wordCount":3105,"commentCount":0,"image":{"@id":"https:\/\/cusens.md\/ro\/investigatii\/deputatii-certati-cu-legea-2\/#primaryimage"},"thumbnailUrl":"https:\/\/cusens.md\/wp-content\/uploads\/2026\/08\/cover-clean_deputati-cu-dosare.png","articleSection":["Investiga\u021bii"],"inLanguage":"ro-RO","potentialAction":[{"@type":"CommentAction","name":"Comment","target":["https:\/\/cusens.md\/ro\/investigatii\/deputatii-certati-cu-legea-2\/#respond"]}]},{"@type":"WebPage","@id":"https:\/\/cusens.md\/ro\/investigatii\/deputatii-certati-cu-legea-2\/","url":"https:\/\/cusens.md\/ro\/investigatii\/deputatii-certati-cu-legea-2\/","name":"Deputa\u021bii certa\u021bi cu legea - Cu Sens","isPartOf":{"@id":"https:\/\/cusens.md\/ro\/#website"},"primaryImageOfPage":{"@id":"https:\/\/cusens.md\/ro\/investigatii\/deputatii-certati-cu-legea-2\/#primaryimage"},"image":{"@id":"https:\/\/cusens.md\/ro\/investigatii\/deputatii-certati-cu-legea-2\/#primaryimage"},"thumbnailUrl":"https:\/\/cusens.md\/wp-content\/uploads\/2026\/08\/cover-clean_deputati-cu-dosare.png","datePublished":"2026-08-30T15:18:09+00:00","dateModified":"2026-08-30T15:36:17+00:00","author":{"@id":"https:\/\/cusens.md\/ro\/#\/schema\/person\/4b73d2ed2f7500450ba5dde03fa23e22"},"breadcrumb":{"@id":"https:\/\/cusens.md\/ro\/investigatii\/deputatii-certati-cu-legea-2\/#breadcrumb"},"inLanguage":"ro-RO","potentialAction":[{"@type":"ReadAction","target":["https:\/\/cusens.md\/ro\/investigatii\/deputatii-certati-cu-legea-2\/"]}]},{"@type":"ImageObject","inLanguage":"ro-RO","@id":"https:\/\/cusens.md\/ro\/investigatii\/deputatii-certati-cu-legea-2\/#primaryimage","url":"https:\/\/cusens.md\/wp-content\/uploads\/2026\/08\/cover-clean_deputati-cu-dosare.png","contentUrl":"https:\/\/cusens.md\/wp-content\/uploads\/2026\/08\/cover-clean_deputati-cu-dosare.png","width":1600,"height":900,"caption":"Deputa\u021bii certa\u021bi cu legea"},{"@type":"BreadcrumbList","@id":"https:\/\/cusens.md\/ro\/investigatii\/deputatii-certati-cu-legea-2\/#breadcrumb","itemListElement":[{"@type":"ListItem","position":1,"name":"Home","item":"https:\/\/cusens.md\/ro\/"},{"@type":"ListItem","position":2,"name":"Deputa\u021bii certa\u021bi cu legea"}]},{"@type":"WebSite","@id":"https:\/\/cusens.md\/ro\/#website","url":"https:\/\/cusens.md\/ro\/","name":"Cu Sens","description":"Investiga\u021bii video care surprind realit\u0103\u021bile Moldovei","potentialAction":[{"@type":"SearchAction","target":{"@type":"EntryPoint","urlTemplate":"https:\/\/cusens.md\/ro\/?s={search_term_string}"},"query-input":{"@type":"PropertyValueSpecification","valueRequired":true,"valueName":"search_term_string"}}],"inLanguage":"ro-RO"},{"@type":"Person","@id":"https:\/\/cusens.md\/ro\/#\/schema\/person\/4b73d2ed2f7500450ba5dde03fa23e22","name":"Adela \u0218evciuc","image":{"@type":"ImageObject","inLanguage":"ro-RO","@id":"https:\/\/cusens.md\/wp-content\/uploads\/2022\/06\/adela-site-150x150.jpg6062ffcd5abcae7392e106bb87ccfe5b","url":"https:\/\/cusens.md\/wp-content\/uploads\/2022\/06\/adela-site-150x150.jpg","contentUrl":"https:\/\/cusens.md\/wp-content\/uploads\/2022\/06\/adela-site-150x150.jpg","caption":"Adela \u0218evciuc"},"description":"Adela este absolventa Facult\u0103\u021bii de Jurnalism \u0219i \u0218tiin\u021be ale Comunic\u0103rii a Universit\u0103\u021bii de Stat din Moldova. \u00cen ultimii ani, a participat la diverse traininguri \u0219i workshopuri din \u021bar\u0103 \u0219i de peste hotare.\u00a0\u00a0 Face jurnalism de \u0219ase ani. A fost reporter\u0103 la portalul de \u0219tiri Jurnal.md. Ulterior, a scris \u0219tiri externe la postul Jurnal TV. Nu a durat mult \u0219i s-a al\u0103turat echipei de la Departamentul \u0219tiri de la aceea\u0219i televiziune, unde a f\u0103cut subiecte sociale \u0219i politice \u00een format video.\u00a0 \u00cen aprilie 2022 s-a al\u0103turat echipei CU SENS, iar \u00een 2023 a fost premiat\u0103 la concursul Tulip Press Awards, care are scopul de a \u00eencuraja jurnali\u0219tii din Republica Moldova, care abordeaz\u0103 corect \u0219i echidistant subiecte despre drepturile omului. Adela \u0218evciuc: \u201eCU SENS este o echip\u0103 de jurnali\u0219ti de investiga\u021bie. Am decis s\u0103 m\u0103 al\u0103tur lor pentru c\u0103 \u00eemp\u0103rt\u0103\u0219esc aceea\u0219i pasiune. \u00cen\u021beleg c\u0103 e de datoria mea s\u0103 pun totul la \u00eendoial\u0103, s\u0103 verific informa\u021biile \u0219i s\u0103 prezint oamenilor, care ne urm\u0103resc subiectele, nedreptatea, injusti\u021bia \u0219i alte ilegalit\u0103\u021bi. \u0218i vreau s-o fac cu sens\u201d.","sameAs":["https:\/\/www.facebook.com\/adela.sevciuc"],"url":"https:\/\/cusens.md\/ro\/author\/adela_sevciuc\/"}]}},"_links":{"self":[{"href":"https:\/\/cusens.md\/ro\/wp-json\/wp\/v2\/posts\/11670","targetHints":{"allow":["GET"]}}],"collection":[{"href":"https:\/\/cusens.md\/ro\/wp-json\/wp\/v2\/posts"}],"about":[{"href":"https:\/\/cusens.md\/ro\/wp-json\/wp\/v2\/types\/post"}],"author":[{"embeddable":true,"href":"https:\/\/cusens.md\/ro\/wp-json\/wp\/v2\/users\/22"}],"replies":[{"embeddable":true,"href":"https:\/\/cusens.md\/ro\/wp-json\/wp\/v2\/comments?post=11670"}],"version-history":[{"count":3,"href":"https:\/\/cusens.md\/ro\/wp-json\/wp\/v2\/posts\/11670\/revisions"}],"predecessor-version":[{"id":11701,"href":"https:\/\/cusens.md\/ro\/wp-json\/wp\/v2\/posts\/11670\/revisions\/11701"}],"wp:featuredmedia":[{"embeddable":true,"href":"https:\/\/cusens.md\/ro\/wp-json\/wp\/v2\/media\/11671"}],"wp:attachment":[{"href":"https:\/\/cusens.md\/ro\/wp-json\/wp\/v2\/media?parent=11670"}],"wp:term":[{"taxonomy":"category","embeddable":true,"href":"https:\/\/cusens.md\/ro\/wp-json\/wp\/v2\/categories?post=11670"},{"taxonomy":"post_tag","embeddable":true,"href":"https:\/\/cusens.md\/ro\/wp-json\/wp\/v2\/tags?post=11670"},{"taxonomy":"author","embeddable":true,"href":"https:\/\/cusens.md\/ro\/wp-json\/wp\/v2\/coauthors?post=11670"}],"curies":[{"name":"wp","href":"https:\/\/api.w.org\/{rel}","templated":true}]}}