{"id":11711,"date":"2026-09-02T11:10:26","date_gmt":"2026-09-02T09:10:26","guid":{"rendered":"https:\/\/cusens.md\/?p=11711"},"modified":"2026-09-02T11:10:27","modified_gmt":"2026-09-02T09:10:27","slug":"falsa-meritocratie-promovata-de-ministrul-mediului","status":"publish","type":"post","link":"https:\/\/cusens.md\/ro\/verificat\/falsa-meritocratie-promovata-de-ministrul-mediului\/","title":{"rendered":"Falsa meritocra\u021bie promovat\u0103 de ministrul Mediului"},"content":{"rendered":"<div id=\"fb-root\"><\/div>\n<!-- VideographyWP Plugin Message: Automatic video embedding prevented by plugin options. -->\n\n<blockquote class=\"wp-block-quote is-layout-flow wp-block-quote-is-layout-flow\">\n<p><strong>GHEORGHE HAJDER, ministrul Mediului: <\/strong><em>Ini\u021bial, c\u00e2nd doamna Selinia s-a angajat, nu de\u021binea calitatea de membru de partid. Ea \u0219i-a rec\u0103p\u0103tat aceast\u0103\u2026, acest drept sau a aderat mai t\u00e2rziu. Asta \u00eenseamn\u0103 c\u0103 ea a c\u0103p\u0103tat [func\u021biile] cu for\u021bele ei. Dar a\u0219 vrea s\u0103 delimit\u0103m foarte bine partea legal\u0103 \u0219i altceva este competen\u021ba dumneaei. Deci, ce \u021bine de Ministerul Mediului, inclusiv \u0219i Apele Moldovei, am fost informat c\u0103 totul a fost legal \u0219i confirm c\u0103 este legal. La moment, ea activeaz\u0103 \u00een cabinetul ministrului Mediului.&nbsp;<\/em><\/p>\n<\/blockquote>\n\n\n\n<p>Declara\u021bia a fost f\u0103cut\u0103 dup\u0103 ce presa a scris c\u0103, \u00een ultimii trei ani, Selinia Cojocaru ar fi fost angajat\u0103 la stat pe criteriu de partid, fiind \u00eenc\u0103 student\u0103.<\/p>\n\n\n\n<blockquote class=\"wp-block-quote is-layout-flow wp-block-quote-is-layout-flow\">\n<p><strong>ALEXANDRU BOT, expert \u00een domeniul justi\u021biei \u0219i al dreptului, WatchDog:<\/strong> <em>Explica\u021biile ministrului vin doar s\u0103 explice de ce argumentul de prezen\u021b\u0103 \u00eentr-un anumit partid nu era relevant la momentul angaj\u0103rii. Cumva, consider\u00e2nd fals c\u0103, dac\u0103 va puncta c\u0103 dumneaei nu era parte a partidului la momentul angaj\u0103rii, cumva, toat\u0103 polemica asta vizavi de ilegalitatea angaj\u0103rii va dec\u0103dea de la sine. Avem \u00eentr-adev\u0103r o problem\u0103, o legisla\u021bie destul de confuz\u0103 care spune c\u0103 anumite categorii de func\u021bionari publici, de oameni, cel pu\u021bin, care sunt conecta\u021bi la bugetele publice, pot fi angaja\u021bi doar prin concurs, altele &#8211; prin angaj\u0103ri directe de c\u0103tre ministru, nu \u0219tiu, oricare alt func\u021bionar care are girul de a-\u0219i forma propria echip\u0103. E o chestie, \u00een esen\u021b\u0103, normal\u0103, dar care trebuie s\u0103 fie reglementat\u0103 mult mai strict. Doi, atunci c\u00e2nd vorbim despre sectorul public, cred c\u0103 criteriul definitoriu este cel al meritocra\u021biei.<\/em><\/p>\n<\/blockquote>\n\n\n\n<p>Selinia Cojocaru este membr\u0103 PAS Youth de mai mul\u021bi ani, de\u021bin\u00e2nd inclusiv func\u021bii de conducere. \u00cen mai 2026, \u00een ultimul an de facultate, a aderat la PAS, iar \u00een iulie 2026 a fost numit\u0103 consilier\u0103 a ministrului Mediului.<\/p>\n\n\n\n<blockquote class=\"wp-block-quote is-layout-flow wp-block-quote-is-layout-flow\">\n<p><strong>ALEXANDRU BOT, expert \u00een domeniul justi\u021biei \u0219i al dreptului, WatchDog: <\/strong><em>A ap\u0103rut, pe bun\u0103 dreptate, aceast\u0103 polemic\u0103 legat\u0103 de faptul c\u0103 oare nu cumva func\u021bia ei a fost motivat\u0103 politic. \u0218i dac\u0103 lucrurile se \u00eent\u00e2mpl\u0103 a\u0219a, \u00eenseamn\u0103 c\u0103 avem o problem\u0103. De ce zic o problem\u0103? Fiindc\u0103 fiecare guvernare, cumva, a abuzat pe acest criteriu, de a-\u0219i angaja proprii oameni \u00een anumite func\u021bii. S\u0103 ne aducem aminte despre renumitele declara\u021bii ale domnului Vicol din PLDM, care spunea c\u0103 toat\u0103 \u021bara trebuie s\u0103 fie verde. Ulterior, am avut situa\u021bia cu PDM, care \u00ee\u0219i promova peste tot oamenii. Acum se vede c\u0103 \u021bara trebuie vopsit\u0103, cumva, mai \u00een galben.<\/em><\/p>\n<\/blockquote>\n\n\n\n<p><\/p>\n","protected":false},"excerpt":{"rendered":"<p>GHEORGHE HAJDER, ministrul Mediului: Ini\u021bial, c\u00e2nd doamna Selinia s-a angajat, nu de\u021binea calitatea de membru de partid. Ea \u0219i-a rec\u0103p\u0103tat aceast\u0103\u2026, acest drept sau a aderat mai t\u00e2rziu. Asta \u00eenseamn\u0103 c\u0103 ea a c\u0103p\u0103tat [func\u021biile] cu for\u021bele ei. Dar a\u0219 vrea s\u0103 delimit\u0103m foarte bine partea legal\u0103 \u0219i altceva este competen\u021ba dumneaei. Deci, ce \u021bine [&hellip;]<\/p>\n","protected":false},"author":23,"featured_media":11712,"comment_status":"open","ping_status":"open","sticky":false,"template":"","format":"video","meta":{"_acf_changed":false,"inline_featured_image":false,"footnotes":""},"categories":[12],"tags":[],"coauthors":[126],"class_list":["post-11711","post","type-post","status-publish","format-video","has-post-thumbnail","hentry","category-verificat","post_format-post-format-video"],"acf":[],"featured_image_src":"https:\/\/cusens.md\/wp-content\/uploads\/2026\/09\/cover-clean_verificat-hajder-selinia.png","author_info":{"display_name":"CU SENS","author_link":"https:\/\/cusens.md\/ro\/author\/cu_sens\/"},"yoast_head":"<!-- This site is optimized with the Yoast SEO plugin v28.4 - https:\/\/yoast.com\/product\/yoast-seo-wordpress\/ -->\n<title>Falsa meritocra\u021bie promovat\u0103 de ministrul Mediului - Cu Sens<\/title>\n<meta name=\"robots\" content=\"index, follow, max-snippet:-1, max-image-preview:large, max-video-preview:-1\" \/>\n<link rel=\"canonical\" href=\"https:\/\/cusens.md\/ro\/verificat\/falsa-meritocratie-promovata-de-ministrul-mediului\/\" \/>\n<meta property=\"og:locale\" content=\"ro_RO\" \/>\n<meta property=\"og:type\" content=\"article\" \/>\n<meta property=\"og:title\" content=\"Falsa meritocra\u021bie promovat\u0103 de ministrul Mediului - Cu Sens\" \/>\n<meta property=\"og:description\" content=\"GHEORGHE HAJDER, ministrul Mediului: Ini\u021bial, c\u00e2nd doamna Selinia s-a angajat, nu de\u021binea calitatea de membru de partid. Ea \u0219i-a rec\u0103p\u0103tat aceast\u0103\u2026, acest drept sau a aderat mai t\u00e2rziu. Asta \u00eenseamn\u0103 c\u0103 ea a c\u0103p\u0103tat [func\u021biile] cu for\u021bele ei. Dar a\u0219 vrea s\u0103 delimit\u0103m foarte bine partea legal\u0103 \u0219i altceva este competen\u021ba dumneaei. Deci, ce \u021bine [&hellip;]\" \/>\n<meta property=\"og:url\" content=\"https:\/\/cusens.md\/ro\/verificat\/falsa-meritocratie-promovata-de-ministrul-mediului\/\" \/>\n<meta property=\"article:published_time\" content=\"2026-09-02T09:10:26+00:00\" \/>\n<meta property=\"article:modified_time\" content=\"2026-09-02T09:10:27+00:00\" \/>\n<meta property=\"og:image\" content=\"https:\/\/cusens.md\/wp-content\/uploads\/2026\/09\/cover-clean_verificat-hajder-selinia.png\" \/>\n\t<meta property=\"og:image:width\" content=\"1600\" \/>\n\t<meta property=\"og:image:height\" content=\"900\" \/>\n\t<meta property=\"og:image:type\" content=\"image\/png\" \/>\n<meta name=\"author\" content=\"CU SENS\" \/>\n<meta name=\"twitter:card\" content=\"summary_large_image\" \/>\n<meta name=\"twitter:label1\" content=\"Scris de\" \/>\n\t<meta name=\"twitter:data1\" content=\"CU SENS\" \/>\n\t<meta name=\"twitter:label2\" content=\"Timp estimat pentru citire\" \/>\n\t<meta name=\"twitter:data2\" content=\"1 minut\" \/>\n\t<meta name=\"twitter:label3\" content=\"Written by\" \/>\n\t<meta name=\"twitter:data3\" content=\"CU SENS\" \/>\n<script type=\"application\/ld+json\" class=\"yoast-schema-graph\">{\"@context\":\"https:\\\/\\\/schema.org\",\"@graph\":[{\"@type\":\"Article\",\"@id\":\"https:\\\/\\\/cusens.md\\\/ro\\\/verificat\\\/falsa-meritocratie-promovata-de-ministrul-mediului\\\/#article\",\"isPartOf\":{\"@id\":\"https:\\\/\\\/cusens.md\\\/ro\\\/verificat\\\/falsa-meritocratie-promovata-de-ministrul-mediului\\\/\"},\"author\":{\"name\":\"CU SENS\",\"@id\":\"https:\\\/\\\/cusens.md\\\/ro\\\/#\\\/schema\\\/person\\\/2ff6e99e7bd584e149d361add0a19ee1\"},\"headline\":\"Falsa meritocra\u021bie promovat\u0103 de ministrul Mediului\",\"datePublished\":\"2026-09-02T09:10:26+00:00\",\"dateModified\":\"2026-09-02T09:10:27+00:00\",\"mainEntityOfPage\":{\"@id\":\"https:\\\/\\\/cusens.md\\\/ro\\\/verificat\\\/falsa-meritocratie-promovata-de-ministrul-mediului\\\/\"},\"wordCount\":453,\"commentCount\":0,\"image\":{\"@id\":\"https:\\\/\\\/cusens.md\\\/ro\\\/verificat\\\/falsa-meritocratie-promovata-de-ministrul-mediului\\\/#primaryimage\"},\"thumbnailUrl\":\"https:\\\/\\\/cusens.md\\\/wp-content\\\/uploads\\\/2026\\\/09\\\/cover-clean_verificat-hajder-selinia.png\",\"articleSection\":[\"#Verificat\"],\"inLanguage\":\"ro-RO\",\"potentialAction\":[{\"@type\":\"CommentAction\",\"name\":\"Comment\",\"target\":[\"https:\\\/\\\/cusens.md\\\/ro\\\/verificat\\\/falsa-meritocratie-promovata-de-ministrul-mediului\\\/#respond\"]}]},{\"@type\":\"WebPage\",\"@id\":\"https:\\\/\\\/cusens.md\\\/ro\\\/verificat\\\/falsa-meritocratie-promovata-de-ministrul-mediului\\\/\",\"url\":\"https:\\\/\\\/cusens.md\\\/ro\\\/verificat\\\/falsa-meritocratie-promovata-de-ministrul-mediului\\\/\",\"name\":\"Falsa meritocra\u021bie promovat\u0103 de ministrul Mediului - Cu Sens\",\"isPartOf\":{\"@id\":\"https:\\\/\\\/cusens.md\\\/ro\\\/#website\"},\"primaryImageOfPage\":{\"@id\":\"https:\\\/\\\/cusens.md\\\/ro\\\/verificat\\\/falsa-meritocratie-promovata-de-ministrul-mediului\\\/#primaryimage\"},\"image\":{\"@id\":\"https:\\\/\\\/cusens.md\\\/ro\\\/verificat\\\/falsa-meritocratie-promovata-de-ministrul-mediului\\\/#primaryimage\"},\"thumbnailUrl\":\"https:\\\/\\\/cusens.md\\\/wp-content\\\/uploads\\\/2026\\\/09\\\/cover-clean_verificat-hajder-selinia.png\",\"datePublished\":\"2026-09-02T09:10:26+00:00\",\"dateModified\":\"2026-09-02T09:10:27+00:00\",\"author\":{\"@id\":\"https:\\\/\\\/cusens.md\\\/ro\\\/#\\\/schema\\\/person\\\/2ff6e99e7bd584e149d361add0a19ee1\"},\"breadcrumb\":{\"@id\":\"https:\\\/\\\/cusens.md\\\/ro\\\/verificat\\\/falsa-meritocratie-promovata-de-ministrul-mediului\\\/#breadcrumb\"},\"inLanguage\":\"ro-RO\",\"potentialAction\":[{\"@type\":\"ReadAction\",\"target\":[\"https:\\\/\\\/cusens.md\\\/ro\\\/verificat\\\/falsa-meritocratie-promovata-de-ministrul-mediului\\\/\"]}]},{\"@type\":\"ImageObject\",\"inLanguage\":\"ro-RO\",\"@id\":\"https:\\\/\\\/cusens.md\\\/ro\\\/verificat\\\/falsa-meritocratie-promovata-de-ministrul-mediului\\\/#primaryimage\",\"url\":\"https:\\\/\\\/cusens.md\\\/wp-content\\\/uploads\\\/2026\\\/09\\\/cover-clean_verificat-hajder-selinia.png\",\"contentUrl\":\"https:\\\/\\\/cusens.md\\\/wp-content\\\/uploads\\\/2026\\\/09\\\/cover-clean_verificat-hajder-selinia.png\",\"width\":1600,\"height\":900,\"caption\":\"Ciorn\u0103 automat\u0103\"},{\"@type\":\"BreadcrumbList\",\"@id\":\"https:\\\/\\\/cusens.md\\\/ro\\\/verificat\\\/falsa-meritocratie-promovata-de-ministrul-mediului\\\/#breadcrumb\",\"itemListElement\":[{\"@type\":\"ListItem\",\"position\":1,\"name\":\"Home\",\"item\":\"https:\\\/\\\/cusens.md\\\/ro\\\/\"},{\"@type\":\"ListItem\",\"position\":2,\"name\":\"Falsa meritocra\u021bie promovat\u0103 de ministrul Mediului\"}]},{\"@type\":\"WebSite\",\"@id\":\"https:\\\/\\\/cusens.md\\\/ro\\\/#website\",\"url\":\"https:\\\/\\\/cusens.md\\\/ro\\\/\",\"name\":\"Cu Sens\",\"description\":\"Investiga\u021bii video care surprind realit\u0103\u021bile Moldovei\",\"potentialAction\":[{\"@type\":\"SearchAction\",\"target\":{\"@type\":\"EntryPoint\",\"urlTemplate\":\"https:\\\/\\\/cusens.md\\\/ro\\\/?s={search_term_string}\"},\"query-input\":{\"@type\":\"PropertyValueSpecification\",\"valueRequired\":true,\"valueName\":\"search_term_string\"}}],\"inLanguage\":\"ro-RO\"},{\"@type\":\"Person\",\"@id\":\"https:\\\/\\\/cusens.md\\\/ro\\\/#\\\/schema\\\/person\\\/2ff6e99e7bd584e149d361add0a19ee1\",\"name\":\"CU SENS\",\"image\":{\"@type\":\"ImageObject\",\"inLanguage\":\"ro-RO\",\"@id\":\"https:\\\/\\\/cusens.md\\\/wp-content\\\/uploads\\\/2021\\\/01\\\/logo-min.png04858e675ba6e84efd8f1b851ae02271\",\"url\":\"https:\\\/\\\/cusens.md\\\/wp-content\\\/uploads\\\/2021\\\/01\\\/logo-min.png\",\"contentUrl\":\"https:\\\/\\\/cusens.md\\\/wp-content\\\/uploads\\\/2021\\\/01\\\/logo-min.png\",\"caption\":\"CU SENS\"},\"url\":\"https:\\\/\\\/cusens.md\\\/ro\\\/author\\\/cu_sens\\\/\"}]}<\/script>\n<!-- \/ Yoast SEO plugin. -->","yoast_head_json":{"title":"Falsa meritocra\u021bie promovat\u0103 de ministrul Mediului - Cu Sens","robots":{"index":"index","follow":"follow","max-snippet":"max-snippet:-1","max-image-preview":"max-image-preview:large","max-video-preview":"max-video-preview:-1"},"canonical":"https:\/\/cusens.md\/ro\/verificat\/falsa-meritocratie-promovata-de-ministrul-mediului\/","og_locale":"ro_RO","og_type":"article","og_title":"Falsa meritocra\u021bie promovat\u0103 de ministrul Mediului - Cu Sens","og_description":"GHEORGHE HAJDER, ministrul Mediului: Ini\u021bial, c\u00e2nd doamna Selinia s-a angajat, nu de\u021binea calitatea de membru de partid. Ea \u0219i-a rec\u0103p\u0103tat aceast\u0103\u2026, acest drept sau a aderat mai t\u00e2rziu. Asta \u00eenseamn\u0103 c\u0103 ea a c\u0103p\u0103tat [func\u021biile] cu for\u021bele ei. Dar a\u0219 vrea s\u0103 delimit\u0103m foarte bine partea legal\u0103 \u0219i altceva este competen\u021ba dumneaei. Deci, ce \u021bine [&hellip;]","og_url":"https:\/\/cusens.md\/ro\/verificat\/falsa-meritocratie-promovata-de-ministrul-mediului\/","article_published_time":"2026-09-02T09:10:26+00:00","article_modified_time":"2026-09-02T09:10:27+00:00","og_image":[{"width":1600,"height":900,"url":"https:\/\/cusens.md\/wp-content\/uploads\/2026\/09\/cover-clean_verificat-hajder-selinia.png","type":"image\/png"}],"author":"CU SENS","twitter_card":"summary_large_image","twitter_misc":{"Scris de":"CU SENS","Timp estimat pentru citire":"1 minut","Written by":"CU SENS"},"schema":{"@context":"https:\/\/schema.org","@graph":[{"@type":"Article","@id":"https:\/\/cusens.md\/ro\/verificat\/falsa-meritocratie-promovata-de-ministrul-mediului\/#article","isPartOf":{"@id":"https:\/\/cusens.md\/ro\/verificat\/falsa-meritocratie-promovata-de-ministrul-mediului\/"},"author":{"name":"CU SENS","@id":"https:\/\/cusens.md\/ro\/#\/schema\/person\/2ff6e99e7bd584e149d361add0a19ee1"},"headline":"Falsa meritocra\u021bie promovat\u0103 de ministrul Mediului","datePublished":"2026-09-02T09:10:26+00:00","dateModified":"2026-09-02T09:10:27+00:00","mainEntityOfPage":{"@id":"https:\/\/cusens.md\/ro\/verificat\/falsa-meritocratie-promovata-de-ministrul-mediului\/"},"wordCount":453,"commentCount":0,"image":{"@id":"https:\/\/cusens.md\/ro\/verificat\/falsa-meritocratie-promovata-de-ministrul-mediului\/#primaryimage"},"thumbnailUrl":"https:\/\/cusens.md\/wp-content\/uploads\/2026\/09\/cover-clean_verificat-hajder-selinia.png","articleSection":["#Verificat"],"inLanguage":"ro-RO","potentialAction":[{"@type":"CommentAction","name":"Comment","target":["https:\/\/cusens.md\/ro\/verificat\/falsa-meritocratie-promovata-de-ministrul-mediului\/#respond"]}]},{"@type":"WebPage","@id":"https:\/\/cusens.md\/ro\/verificat\/falsa-meritocratie-promovata-de-ministrul-mediului\/","url":"https:\/\/cusens.md\/ro\/verificat\/falsa-meritocratie-promovata-de-ministrul-mediului\/","name":"Falsa meritocra\u021bie promovat\u0103 de ministrul Mediului - Cu Sens","isPartOf":{"@id":"https:\/\/cusens.md\/ro\/#website"},"primaryImageOfPage":{"@id":"https:\/\/cusens.md\/ro\/verificat\/falsa-meritocratie-promovata-de-ministrul-mediului\/#primaryimage"},"image":{"@id":"https:\/\/cusens.md\/ro\/verificat\/falsa-meritocratie-promovata-de-ministrul-mediului\/#primaryimage"},"thumbnailUrl":"https:\/\/cusens.md\/wp-content\/uploads\/2026\/09\/cover-clean_verificat-hajder-selinia.png","datePublished":"2026-09-02T09:10:26+00:00","dateModified":"2026-09-02T09:10:27+00:00","author":{"@id":"https:\/\/cusens.md\/ro\/#\/schema\/person\/2ff6e99e7bd584e149d361add0a19ee1"},"breadcrumb":{"@id":"https:\/\/cusens.md\/ro\/verificat\/falsa-meritocratie-promovata-de-ministrul-mediului\/#breadcrumb"},"inLanguage":"ro-RO","potentialAction":[{"@type":"ReadAction","target":["https:\/\/cusens.md\/ro\/verificat\/falsa-meritocratie-promovata-de-ministrul-mediului\/"]}]},{"@type":"ImageObject","inLanguage":"ro-RO","@id":"https:\/\/cusens.md\/ro\/verificat\/falsa-meritocratie-promovata-de-ministrul-mediului\/#primaryimage","url":"https:\/\/cusens.md\/wp-content\/uploads\/2026\/09\/cover-clean_verificat-hajder-selinia.png","contentUrl":"https:\/\/cusens.md\/wp-content\/uploads\/2026\/09\/cover-clean_verificat-hajder-selinia.png","width":1600,"height":900,"caption":"Ciorn\u0103 automat\u0103"},{"@type":"BreadcrumbList","@id":"https:\/\/cusens.md\/ro\/verificat\/falsa-meritocratie-promovata-de-ministrul-mediului\/#breadcrumb","itemListElement":[{"@type":"ListItem","position":1,"name":"Home","item":"https:\/\/cusens.md\/ro\/"},{"@type":"ListItem","position":2,"name":"Falsa meritocra\u021bie promovat\u0103 de ministrul Mediului"}]},{"@type":"WebSite","@id":"https:\/\/cusens.md\/ro\/#website","url":"https:\/\/cusens.md\/ro\/","name":"Cu Sens","description":"Investiga\u021bii video care surprind realit\u0103\u021bile Moldovei","potentialAction":[{"@type":"SearchAction","target":{"@type":"EntryPoint","urlTemplate":"https:\/\/cusens.md\/ro\/?s={search_term_string}"},"query-input":{"@type":"PropertyValueSpecification","valueRequired":true,"valueName":"search_term_string"}}],"inLanguage":"ro-RO"},{"@type":"Person","@id":"https:\/\/cusens.md\/ro\/#\/schema\/person\/2ff6e99e7bd584e149d361add0a19ee1","name":"CU SENS","image":{"@type":"ImageObject","inLanguage":"ro-RO","@id":"https:\/\/cusens.md\/wp-content\/uploads\/2021\/01\/logo-min.png04858e675ba6e84efd8f1b851ae02271","url":"https:\/\/cusens.md\/wp-content\/uploads\/2021\/01\/logo-min.png","contentUrl":"https:\/\/cusens.md\/wp-content\/uploads\/2021\/01\/logo-min.png","caption":"CU SENS"},"url":"https:\/\/cusens.md\/ro\/author\/cu_sens\/"}]}},"_links":{"self":[{"href":"https:\/\/cusens.md\/ro\/wp-json\/wp\/v2\/posts\/11711","targetHints":{"allow":["GET"]}}],"collection":[{"href":"https:\/\/cusens.md\/ro\/wp-json\/wp\/v2\/posts"}],"about":[{"href":"https:\/\/cusens.md\/ro\/wp-json\/wp\/v2\/types\/post"}],"author":[{"embeddable":true,"href":"https:\/\/cusens.md\/ro\/wp-json\/wp\/v2\/users\/23"}],"replies":[{"embeddable":true,"href":"https:\/\/cusens.md\/ro\/wp-json\/wp\/v2\/comments?post=11711"}],"version-history":[{"count":1,"href":"https:\/\/cusens.md\/ro\/wp-json\/wp\/v2\/posts\/11711\/revisions"}],"predecessor-version":[{"id":11714,"href":"https:\/\/cusens.md\/ro\/wp-json\/wp\/v2\/posts\/11711\/revisions\/11714"}],"wp:featuredmedia":[{"embeddable":true,"href":"https:\/\/cusens.md\/ro\/wp-json\/wp\/v2\/media\/11712"}],"wp:attachment":[{"href":"https:\/\/cusens.md\/ro\/wp-json\/wp\/v2\/media?parent=11711"}],"wp:term":[{"taxonomy":"category","embeddable":true,"href":"https:\/\/cusens.md\/ro\/wp-json\/wp\/v2\/categories?post=11711"},{"taxonomy":"post_tag","embeddable":true,"href":"https:\/\/cusens.md\/ro\/wp-json\/wp\/v2\/tags?post=11711"},{"taxonomy":"author","embeddable":true,"href":"https:\/\/cusens.md\/ro\/wp-json\/wp\/v2\/coauthors?post=11711"}],"curies":[{"name":"wp","href":"https:\/\/api.w.org\/{rel}","templated":true}]}}